{"id":195441,"date":"2026-09-01T00:00:00","date_gmt":"2026-08-31T22:00:00","guid":{"rendered":"https:\/\/sportbiz.ch\/news\/black-diamond-presente-la-collection-de-phares-f26\/"},"modified":"2026-09-01T00:00:00","modified_gmt":"2026-08-31T22:00:00","slug":"black-diamond-presente-la-collection-de-phares-f26","status":"publish","type":"news","link":"https:\/\/sportbiz.ch\/fr\/news\/black-diamond-presente-la-collection-de-phares-f26\/","title":{"rendered":"Black Diamond pr\u00e9sente la collection de phares F26"},"content":{"rendered":"<p>Black Diamond pr\u00e9sente la collection d&rsquo;\u00e9clairage F26&nbsp;: des lampes frontales in\u00e9dites et repens\u00e9es pour les d\u00e9parts en haute montagne, les longues descentes, le trail, le camping et les interventions rapides dans l&rsquo;obscurit\u00e9. Lorsque les randonn\u00e9es d\u00e9butent avant l&rsquo;aube, que les approches prennent plus de temps que pr\u00e9vu ou que la derni\u00e8re \u00e9tape se termine apr\u00e8s le coucher du soleil, un bon \u00e9clairage devient indispensable. Il doit \u00eatre puissant sans \u00eatre \u00e9blouissant, robuste sans \u00eatre lourd, facile \u00e0 utiliser m\u00eame avec les doigts gel\u00e9s ou des gants, et suffisamment polyvalent pour s&rsquo;adapter aussi bien \u00e0 la montagne, aux sentiers, au camping qu&rsquo;au quotidien.     <\/p>\n<p>Avec la collection F26 Lighting, Black Diamond perfectionne ses lampes frontales&nbsp;: luminosit\u00e9 accrue, syst\u00e8me de charge USB-C moderne, fonctionnement optimis\u00e9, modes d\u2019\u00e9clairage ergonomiques et utilisation de mat\u00e9riaux recycl\u00e9s sont autant de caract\u00e9ristiques communes aux nouveaux mod\u00e8les et aux mod\u00e8les repens\u00e9s. Des lampes compactes et polyvalentes aux mod\u00e8les puissants pour les activit\u00e9s nocturnes intenses, la collection r\u00e9pond \u00e0 un large \u00e9ventail de besoins&nbsp;: alpinistes, coureurs de trail, campeurs et tous ceux qui souhaitent se d\u00e9placer en toute s\u00e9curit\u00e9 m\u00eame apr\u00e8s la tomb\u00e9e de la nuit. <\/p>\n<p><img fetchpriority=\"high\" decoding=\"async\" src=\"https:\/\/sportbiz.ch\/wp-content\/uploads\/2026\/08\/620748_0002_Storm-Headlamp_Black_01.jpg\" alt=\"\" width=\"1920\" height=\"1920\"><\/p>\n<p><strong>Lampe frontale Black Diamond Storm+<\/strong><br \/> Black Diamond a perfectionn\u00e9 l&rsquo;un de ses mod\u00e8les de lampe frontale les plus performants, le rendant encore plus efficace. La lampe frontale Storm+ est lumineuse, l\u00e9g\u00e8re et \u00e9tanche, offrant une puissance lumineuse maximale de 750 lumens. Ses modes d&rsquo;\u00e9clairage polyvalents (large, concentr\u00e9 et vision nocturne) en font un compagnon fiable pour les ascensions alpines, les longues descentes et les conditions ext\u00e9rieures exigeantes.  <\/p>\n<p>Deux gros boutons garantissent une utilisation intuitive par tous les temps, m\u00eame avec des gants. Rechargeable via USB-C, la Storm+ dispose d&rsquo;une fonction de m\u00e9morisation du mode et est fabriqu\u00e9e \u00e0 partir de mat\u00e9riaux recycl\u00e9s. Avec un poids de seulement 114 grammes, elle offre des performances fiables dans un format compact et robuste.  <\/p>\n<p>Luminosit\u00e9 jusqu&rsquo;\u00e0 50 % sup\u00e9rieure<br \/> Recharge USB-C&nbsp;: plus rapide, plus moderne, plus universelle<br \/> Ergonomie am\u00e9lior\u00e9e gr\u00e2ce \u00e0 de grands boutons et des modes simplifi\u00e9s<br \/> Verrouillage num\u00e9rique pour un transport s\u00e9curis\u00e9<br \/> Mat\u00e9riaux recycl\u00e9s dans tous les mod\u00e8les<\/p>\n<p>\u00c9galement disponible : la lampe frontale Storm, une alternative plus l\u00e9g\u00e8re sur la m\u00eame plateforme remani\u00e9e.<\/p>\n<p><img decoding=\"async\" src=\"https:\/\/sportbiz.ch\/wp-content\/uploads\/2026\/08\/620727_3018_Cosmo-Headlamp_Clean-Green_01.jpg\" alt=\"\" width=\"1920\" height=\"1920\"><\/p>\n<p><strong>Lampe frontale Black Diamond Cosmo<\/strong><br \/> La nouvelle lampe frontale Cosmo est un mod\u00e8le compact et polyvalent, id\u00e9al pour une multitude d&rsquo;activit\u00e9s de plein air, des aventures urbaines aux bivouacs en for\u00eat. Avec une puissance lumineuse de 350 lumens et un bo\u00eetier particuli\u00e8rement compact et \u00e9tanche, elle offre un \u00e9clairage fiable pour tous ceux qui souhaitent voyager en toute simplicit\u00e9. <\/p>\n<p>La lampe Cosmo est fabriqu\u00e9e en partie \u00e0 partir de mat\u00e9riaux recycl\u00e9s et dispose d&rsquo;une interface utilisateur repens\u00e9e avec un second interrupteur pour une s\u00e9lection ais\u00e9e des modes d&rsquo;\u00e9clairage. Gr\u00e2ce \u00e0 son syst\u00e8me d&rsquo;alimentation double, elle peut \u00eatre aliment\u00e9e soit par la batterie Li-ion rechargeable BD 1500, soit par trois piles AAA. <\/p>\n<p>Nettement plus l\u00e9ger : 55 g<br \/> Recharge USB-C&nbsp;: moderne et pratique<br \/> Mode m\u00e9moire<br \/> Int\u00e9gration am\u00e9lior\u00e9e du syst\u00e8me de batterie<br \/> Durabilit\u00e9 am\u00e9lior\u00e9e gr\u00e2ce \u00e0 une nouvelle conception du compartiment de la batterie<br \/> Plus de mat\u00e9riaux recycl\u00e9s<\/p>\n<p>\u00c9galement disponible : Lampe frontale Cosmo DFR avec batterie rechargeable BD 1500 et fonction de charge USB-C<\/p>\n<p><img decoding=\"async\" src=\"https:\/\/sportbiz.ch\/wp-content\/uploads\/2026\/08\/620728_3010_Spot-Headlamp_Tundra_01.jpg\" alt=\"\" width=\"1920\" height=\"1920\"><\/p>\n<p><strong>Lampe frontale Black Diamond Spot<\/strong><br \/> Avec une puissance lumineuse de 450 lumens dans un format compact et performant, la lampe frontale Spot est un mod\u00e8le polyvalent id\u00e9al pour les voyages en voiture, l&rsquo;alpinisme, le trail et le camping. Ses diff\u00e9rents modes d&rsquo;\u00e9clairage (rouge, vert et bleu) ainsi que ses faisceaux large et concentr\u00e9 la rendent adaptable \u00e0 toutes les situations&nbsp;: trier son mat\u00e9riel, cuisiner, lire au campement ou randonner de nuit.   <\/p>\n<p>La technologie PowerTap\u2122 permet de basculer rapidement entre un \u00e9clairage maximal et un \u00e9clairage tamis\u00e9. La lampe Spot dispose d&rsquo;une fonction de m\u00e9morisation du mode, est compatible avec une double alimentation (batterie rechargeable Li-ion BD 1500 ou trois piles AAA) et est \u00e9tanche selon la norme IPX7. Son bandeau est fabriqu\u00e9 \u00e0 partir de mat\u00e9riaux recycl\u00e9s et l&rsquo;indicateur de batterie est discr\u00e8tement int\u00e9gr\u00e9.  <\/p>\n<p>Puissance lumineuse sup\u00e9rieure : 450 lumens<br \/> Nettement plus l\u00e9ger : 53 g<br \/> Syst\u00e8me \u00e0 double alimentation&nbsp;: piles rechargeables ou AAA<br \/> Chargement USB-C<br \/> Lumi\u00e8re RGB : Rouge, Vert, Bleu<br \/> Mode SOS suppl\u00e9mentaire<br \/> Optique am\u00e9lior\u00e9e gr\u00e2ce \u00e0 des lentilles d\u00e9di\u00e9es<br \/> Conception am\u00e9lior\u00e9e de la batterie et du syst\u00e8me de fermeture<br \/> Conception d&rsquo;indicateur de batterie plus discr\u00e8te<br \/> mat\u00e9riaux recycl\u00e9s<\/p>\n<p> \u00c9galement disponible : Lampe frontale Spot DFR avec batterie rechargeable BD 1500 et fonction de charge USB-C<\/p>\n<p><img loading=\"lazy\" decoding=\"async\" src=\"https:\/\/sportbiz.ch\/wp-content\/uploads\/2026\/08\/620726_6044_STELLA-R-HEADLAMP_Burnt-Sienna.jpg\" alt=\"\" width=\"1920\" height=\"1920\"><\/p>\n<p><strong>Lampe frontale Black Diamond Stella-R<\/strong><br \/> La lampe frontale Stella-R allie polyvalence, style et durabilit\u00e9 au camping. Con\u00e7ue pour camper, cuisiner et se retrouver entre amis en plein air, elle transforme n&rsquo;importe quel emplacement en un lieu de rencontre convivial et dynamique. Compacte, rechargeable et dot\u00e9e d&rsquo;un bandeau infini ultra-confortable fabriqu\u00e9 \u00e0 partir de mat\u00e9riaux recycl\u00e9s, elle s&rsquo;adresse \u00e0 une nouvelle g\u00e9n\u00e9ration d&rsquo;amateurs de plein air qui privil\u00e9gient la fiabilit\u00e9, la durabilit\u00e9 et une touche d&rsquo;originalit\u00e9.  <\/p>\n<p>Avec ses modes d&rsquo;\u00e9clairage cibl\u00e9 et ambiant, couleur, feu de camp et vortex de couleurs, la Stella-R offre un \u00e9clairage mains libres aussi fonctionnel qu&rsquo;ambianceux.<\/p>\n<p>Nouveau mod\u00e8le dans la zone du camp g\u00e9n\u00e9ral<br \/> Flux lumineux maximal de 350 lumens<br \/> Batterie rechargeable avec port de charge USB-C<br \/> Lumi\u00e8re focalis\u00e9e et ambiante<br \/> Modes Couleur compl\u00e8te, Feu de camp et Vortex de couleurs<br \/> Bandeau infini confortable fabriqu\u00e9 \u00e0 partir de mat\u00e9riaux recycl\u00e9s<br \/> R\u00e9sistance aux intemp\u00e9ries IPX4<\/p>\n<p><img loading=\"lazy\" decoding=\"async\" src=\"https:\/\/sportbiz.ch\/wp-content\/uploads\/2026\/08\/620721_0002_MEGAWATT-HEADLAMP_Black_01-1.jpg\" alt=\"\" width=\"1920\" height=\"1920\"><\/p>\n<p><strong>Lampe frontale Black Diamond Megawatt<\/strong><br \/> La lampe frontale Megawatt a \u00e9t\u00e9 con\u00e7ue pour les pionniers des pistes. Avec une puissance lumineuse maximale de 3&nbsp;000 lumens, elle est id\u00e9ale pour une utilisation intensive \u00e0 grande vitesse, que ce soit en ski de randonn\u00e9e, en freeride, en VTT ou lors de longues exp\u00e9ditions nocturnes. Un support universel compatible GoPro offre une grande flexibilit\u00e9 de fixation. La batterie rechargeable de 50,32 Wh offre jusqu&rsquo;\u00e0 quatre heures d&rsquo;autonomie \u00e0 pleine puissance, affiche le niveau de batterie restant sur un \u00e9cran LCD et dispose d&rsquo;un port USB-C pour recharger d&rsquo;autres appareils. Une t\u00e9l\u00e9commande sans fil peut \u00eatre fix\u00e9e aux b\u00e2tons de ski, aux bretelles d&rsquo;un sac \u00e0 dos ou au guidon d&rsquo;un v\u00e9lo, permettant des r\u00e9glages faciles m\u00eame en mouvement.   <\/p>\n<p>Flux lumineux maximal : 3 000 lumens<br \/> Le meilleur de sa cat\u00e9gorie avec un poids de seulement 75 g<br \/> Batterie de 50,32 Wh avec \u00e9cran LCD pour l&rsquo;affichage de l&rsquo;autonomie.<br \/> Jusqu&rsquo;\u00e0 quatre heures d&rsquo;autonomie \u00e0 puissance lumineuse maximale<br \/> Charge rapide USB-C (entr\u00e9e\/sortie)<br \/> Six LED avec un faisceau lumineux optimis\u00e9 pour les activit\u00e9s \u00e0 grande vitesse<br \/> Interrupteur \u00e0 distance sans fil pour b\u00e2tons de ski, bretelles de sac \u00e0 dos ou guidon de v\u00e9lo<br \/> Syst\u00e8me de fixation universel pour sports d&rsquo;action, incluant les fixations pour casque<br \/> IP67&nbsp;: \u00e9tanche \u00e0 l\u2019eau et \u00e0 la poussi\u00e8re<\/p>\n<p><a href=\"https:\/\/www.blackdiamondequipment.com\">blackdiamondequipment.com<\/a><\/p>\n<\/p>\n<p><strong>Contact<\/strong><\/p>\n<p>UB Sports GmbH<br \/> Weberr\u00fctitstrasse 5<br \/> 8833 Samstagern<br \/> T\u00e9l. : 043 244 51 35<br \/> <a href=\"mailto:info@ubsports.ch\">info@ubsports.ch<\/a><\/p>\n<p>SALLE D&rsquo;EXPOSITION<br \/> TMC\/Maison 9 (4e \u00e9tage)<br \/> Thurgauerstrasse 109<br \/> 8152 Glattpark<br \/> Rendez-vous sur demande<\/p><\/p>\n","protected":false},"excerpt":{"rendered":"<p>Black Diamond pr\u00e9sente la collection d&rsquo;\u00e9clairage F26&nbsp;: des lampes frontales in\u00e9dites et repens\u00e9es pour les d\u00e9parts en haute montagne, les longues descentes, le trail, le camping et les interventions rapides dans l&rsquo;obscurit\u00e9. Lorsque les randonn\u00e9es d\u00e9butent avant l&rsquo;aube, que les approches prennent plus de temps que pr\u00e9vu ou que la derni\u00e8re \u00e9tape se termine apr\u00e8s [&hellip;]<\/p>\n","protected":false},"author":1968,"featured_media":195253,"menu_order":0,"template":"","meta":{"_acf_changed":false,"footnotes":""},"categories":[126],"class_list":["post-195441","news","type-news","status-publish","has-post-thumbnail","hentry","category-marques-produits"],"yoast_head":"<!-- This site is optimized with the Yoast SEO plugin v28.3 - https:\/\/yoast.com\/product\/yoast-seo-wordpress\/ -->\n<title>Black Diamond pr\u00e9sente la collection de phares F26 - Sportbiz<\/title>\n<meta name=\"robots\" content=\"index, follow, max-snippet:-1, max-image-preview:large, max-video-preview:-1\" \/>\n<link rel=\"canonical\" href=\"https:\/\/sportbiz.ch\/fr\/news\/black-diamond-presente-la-collection-de-phares-f26\/\" \/>\n<meta property=\"og:locale\" content=\"fr_FR\" \/>\n<meta property=\"og:type\" content=\"article\" \/>\n<meta property=\"og:title\" content=\"Black Diamond pr\u00e9sente la collection de phares F26 - Sportbiz\" \/>\n<meta property=\"og:description\" content=\"Black Diamond pr\u00e9sente la collection d&rsquo;\u00e9clairage F26&nbsp;: des lampes frontales in\u00e9dites et repens\u00e9es pour les d\u00e9parts en haute montagne, les longues descentes, le trail, le camping et les interventions rapides dans l&rsquo;obscurit\u00e9. Lorsque les randonn\u00e9es d\u00e9butent avant l&rsquo;aube, que les approches prennent plus de temps que pr\u00e9vu ou que la derni\u00e8re \u00e9tape se termine apr\u00e8s [&hellip;]\" \/>\n<meta property=\"og:url\" content=\"https:\/\/sportbiz.ch\/fr\/news\/black-diamond-presente-la-collection-de-phares-f26\/\" \/>\n<meta property=\"og:site_name\" content=\"Sportbiz\" \/>\n<meta property=\"article:publisher\" content=\"https:\/\/www.facebook.com\/sportbizbyasmas\" \/>\n<meta property=\"og:image\" content=\"https:\/\/sportbiz.ch\/wp-content\/uploads\/2026\/08\/christian-adam_f26_svalbard-norway_20260424_42126.jpg\" \/>\n\t<meta property=\"og:image:width\" content=\"3640\" \/>\n\t<meta property=\"og:image:height\" content=\"2427\" \/>\n\t<meta property=\"og:image:type\" content=\"image\/jpeg\" \/>\n<meta name=\"twitter:card\" content=\"summary_large_image\" \/>\n<meta name=\"twitter:label1\" content=\"Dur\u00e9e de lecture estim\u00e9e\" \/>\n\t<meta name=\"twitter:data1\" content=\"6 minutes\" \/>\n<script type=\"application\/ld+json\" class=\"yoast-schema-graph\">{\"@context\":\"https:\\\/\\\/schema.org\",\"@graph\":[{\"@type\":\"WebPage\",\"@id\":\"https:\\\/\\\/sportbiz.ch\\\/fr\\\/news\\\/black-diamond-presente-la-collection-de-phares-f26\\\/\",\"url\":\"https:\\\/\\\/sportbiz.ch\\\/fr\\\/news\\\/black-diamond-presente-la-collection-de-phares-f26\\\/\",\"name\":\"Black Diamond pr\u00e9sente la collection de phares F26 - Sportbiz\",\"isPartOf\":{\"@id\":\"https:\\\/\\\/sportbiz.ch\\\/fr\\\/#website\"},\"primaryImageOfPage\":{\"@id\":\"https:\\\/\\\/sportbiz.ch\\\/fr\\\/news\\\/black-diamond-presente-la-collection-de-phares-f26\\\/#primaryimage\"},\"image\":{\"@id\":\"https:\\\/\\\/sportbiz.ch\\\/fr\\\/news\\\/black-diamond-presente-la-collection-de-phares-f26\\\/#primaryimage\"},\"thumbnailUrl\":\"https:\\\/\\\/sportbiz.ch\\\/wp-content\\\/uploads\\\/2026\\\/08\\\/christian-adam_f26_svalbard-norway_20260424_42126.jpg\",\"datePublished\":\"2026-08-31T22:00:00+00:00\",\"breadcrumb\":{\"@id\":\"https:\\\/\\\/sportbiz.ch\\\/fr\\\/news\\\/black-diamond-presente-la-collection-de-phares-f26\\\/#breadcrumb\"},\"inLanguage\":\"fr-FR\",\"potentialAction\":[{\"@type\":\"ReadAction\",\"target\":[\"https:\\\/\\\/sportbiz.ch\\\/fr\\\/news\\\/black-diamond-presente-la-collection-de-phares-f26\\\/\"]}]},{\"@type\":\"ImageObject\",\"inLanguage\":\"fr-FR\",\"@id\":\"https:\\\/\\\/sportbiz.ch\\\/fr\\\/news\\\/black-diamond-presente-la-collection-de-phares-f26\\\/#primaryimage\",\"url\":\"https:\\\/\\\/sportbiz.ch\\\/wp-content\\\/uploads\\\/2026\\\/08\\\/christian-adam_f26_svalbard-norway_20260424_42126.jpg\",\"contentUrl\":\"https:\\\/\\\/sportbiz.ch\\\/wp-content\\\/uploads\\\/2026\\\/08\\\/christian-adam_f26_svalbard-norway_20260424_42126.jpg\",\"width\":3640,\"height\":2427,\"caption\":\"Christian-Adam_F26_Svalbard-Norway_20260424_42126\"},{\"@type\":\"BreadcrumbList\",\"@id\":\"https:\\\/\\\/sportbiz.ch\\\/fr\\\/news\\\/black-diamond-presente-la-collection-de-phares-f26\\\/#breadcrumb\",\"itemListElement\":[{\"@type\":\"ListItem\",\"position\":1,\"name\":\"Home\",\"item\":\"https:\\\/\\\/sportbiz.ch\\\/fr\\\/page-daccueil\\\/\"},{\"@type\":\"ListItem\",\"position\":2,\"name\":\"News\",\"item\":\"https:\\\/\\\/sportbiz.ch\\\/fr\\\/news\\\/\"},{\"@type\":\"ListItem\",\"position\":3,\"name\":\"Black Diamond pr\u00e9sente la collection de phares F26\"}]},{\"@type\":\"WebSite\",\"@id\":\"https:\\\/\\\/sportbiz.ch\\\/fr\\\/#website\",\"url\":\"https:\\\/\\\/sportbiz.ch\\\/fr\\\/\",\"name\":\"Sportbiz\",\"description\":\"Schweizer Sportartikelbranche Online: ASMAS Verband Schweizer Sportfachhandel, \u00abSpaf\u00bb Verband Schweiz. Sportartikel-Lieferanten\",\"publisher\":{\"@id\":\"https:\\\/\\\/sportbiz.ch\\\/fr\\\/#organization\"},\"potentialAction\":[{\"@type\":\"SearchAction\",\"target\":{\"@type\":\"EntryPoint\",\"urlTemplate\":\"https:\\\/\\\/sportbiz.ch\\\/fr\\\/?s={search_term_string}\"},\"query-input\":{\"@type\":\"PropertyValueSpecification\",\"valueRequired\":true,\"valueName\":\"search_term_string\"}}],\"inLanguage\":\"fr-FR\"},{\"@type\":\"Organization\",\"@id\":\"https:\\\/\\\/sportbiz.ch\\\/fr\\\/#organization\",\"name\":\"ASMAS Sportfachhandel Schweiz\",\"url\":\"https:\\\/\\\/sportbiz.ch\\\/fr\\\/\",\"logo\":{\"@type\":\"ImageObject\",\"inLanguage\":\"fr-FR\",\"@id\":\"https:\\\/\\\/sportbiz.ch\\\/fr\\\/#\\\/schema\\\/logo\\\/image\\\/\",\"url\":\"https:\\\/\\\/sportbiz.ch\\\/wp-content\\\/uploads\\\/2023\\\/02\\\/sportbiz_Logo_72dpi.jpg\",\"contentUrl\":\"https:\\\/\\\/sportbiz.ch\\\/wp-content\\\/uploads\\\/2023\\\/02\\\/sportbiz_Logo_72dpi.jpg\",\"width\":520,\"height\":204,\"caption\":\"ASMAS Sportfachhandel Schweiz\"},\"image\":{\"@id\":\"https:\\\/\\\/sportbiz.ch\\\/fr\\\/#\\\/schema\\\/logo\\\/image\\\/\"},\"sameAs\":[\"https:\\\/\\\/www.facebook.com\\\/sportbizbyasmas\",\"https:\\\/\\\/www.linkedin.com\\\/company\\\/sportbizbyasmas\\\/\",\"https:\\\/\\\/www.instagram.com\\\/sportbiz.ch_by_asmas\\\/\",\"https:\\\/\\\/www.youtube.com\\\/channel\\\/UC_WL3nmvFlpl_sUNQofksqQ\"]}]}<\/script>\n<!-- \/ Yoast SEO plugin. -->","yoast_head_json":{"title":"Black Diamond pr\u00e9sente la collection de phares F26 - Sportbiz","robots":{"index":"index","follow":"follow","max-snippet":"max-snippet:-1","max-image-preview":"max-image-preview:large","max-video-preview":"max-video-preview:-1"},"canonical":"https:\/\/sportbiz.ch\/fr\/news\/black-diamond-presente-la-collection-de-phares-f26\/","og_locale":"fr_FR","og_type":"article","og_title":"Black Diamond pr\u00e9sente la collection de phares F26 - Sportbiz","og_description":"Black Diamond pr\u00e9sente la collection d&rsquo;\u00e9clairage F26&nbsp;: des lampes frontales in\u00e9dites et repens\u00e9es pour les d\u00e9parts en haute montagne, les longues descentes, le trail, le camping et les interventions rapides dans l&rsquo;obscurit\u00e9. Lorsque les randonn\u00e9es d\u00e9butent avant l&rsquo;aube, que les approches prennent plus de temps que pr\u00e9vu ou que la derni\u00e8re \u00e9tape se termine apr\u00e8s [&hellip;]","og_url":"https:\/\/sportbiz.ch\/fr\/news\/black-diamond-presente-la-collection-de-phares-f26\/","og_site_name":"Sportbiz","article_publisher":"https:\/\/www.facebook.com\/sportbizbyasmas","og_image":[{"width":3640,"height":2427,"url":"https:\/\/sportbiz.ch\/wp-content\/uploads\/2026\/08\/christian-adam_f26_svalbard-norway_20260424_42126.jpg","type":"image\/jpeg"}],"twitter_card":"summary_large_image","twitter_misc":{"Dur\u00e9e de lecture estim\u00e9e":"6 minutes"},"schema":{"@context":"https:\/\/schema.org","@graph":[{"@type":"WebPage","@id":"https:\/\/sportbiz.ch\/fr\/news\/black-diamond-presente-la-collection-de-phares-f26\/","url":"https:\/\/sportbiz.ch\/fr\/news\/black-diamond-presente-la-collection-de-phares-f26\/","name":"Black Diamond pr\u00e9sente la collection de phares F26 - Sportbiz","isPartOf":{"@id":"https:\/\/sportbiz.ch\/fr\/#website"},"primaryImageOfPage":{"@id":"https:\/\/sportbiz.ch\/fr\/news\/black-diamond-presente-la-collection-de-phares-f26\/#primaryimage"},"image":{"@id":"https:\/\/sportbiz.ch\/fr\/news\/black-diamond-presente-la-collection-de-phares-f26\/#primaryimage"},"thumbnailUrl":"https:\/\/sportbiz.ch\/wp-content\/uploads\/2026\/08\/christian-adam_f26_svalbard-norway_20260424_42126.jpg","datePublished":"2026-08-31T22:00:00+00:00","breadcrumb":{"@id":"https:\/\/sportbiz.ch\/fr\/news\/black-diamond-presente-la-collection-de-phares-f26\/#breadcrumb"},"inLanguage":"fr-FR","potentialAction":[{"@type":"ReadAction","target":["https:\/\/sportbiz.ch\/fr\/news\/black-diamond-presente-la-collection-de-phares-f26\/"]}]},{"@type":"ImageObject","inLanguage":"fr-FR","@id":"https:\/\/sportbiz.ch\/fr\/news\/black-diamond-presente-la-collection-de-phares-f26\/#primaryimage","url":"https:\/\/sportbiz.ch\/wp-content\/uploads\/2026\/08\/christian-adam_f26_svalbard-norway_20260424_42126.jpg","contentUrl":"https:\/\/sportbiz.ch\/wp-content\/uploads\/2026\/08\/christian-adam_f26_svalbard-norway_20260424_42126.jpg","width":3640,"height":2427,"caption":"Christian-Adam_F26_Svalbard-Norway_20260424_42126"},{"@type":"BreadcrumbList","@id":"https:\/\/sportbiz.ch\/fr\/news\/black-diamond-presente-la-collection-de-phares-f26\/#breadcrumb","itemListElement":[{"@type":"ListItem","position":1,"name":"Home","item":"https:\/\/sportbiz.ch\/fr\/page-daccueil\/"},{"@type":"ListItem","position":2,"name":"News","item":"https:\/\/sportbiz.ch\/fr\/news\/"},{"@type":"ListItem","position":3,"name":"Black Diamond pr\u00e9sente la collection de phares F26"}]},{"@type":"WebSite","@id":"https:\/\/sportbiz.ch\/fr\/#website","url":"https:\/\/sportbiz.ch\/fr\/","name":"Sportbiz","description":"Schweizer Sportartikelbranche Online: ASMAS Verband Schweizer Sportfachhandel, \u00abSpaf\u00bb Verband Schweiz. Sportartikel-Lieferanten","publisher":{"@id":"https:\/\/sportbiz.ch\/fr\/#organization"},"potentialAction":[{"@type":"SearchAction","target":{"@type":"EntryPoint","urlTemplate":"https:\/\/sportbiz.ch\/fr\/?s={search_term_string}"},"query-input":{"@type":"PropertyValueSpecification","valueRequired":true,"valueName":"search_term_string"}}],"inLanguage":"fr-FR"},{"@type":"Organization","@id":"https:\/\/sportbiz.ch\/fr\/#organization","name":"ASMAS Sportfachhandel Schweiz","url":"https:\/\/sportbiz.ch\/fr\/","logo":{"@type":"ImageObject","inLanguage":"fr-FR","@id":"https:\/\/sportbiz.ch\/fr\/#\/schema\/logo\/image\/","url":"https:\/\/sportbiz.ch\/wp-content\/uploads\/2023\/02\/sportbiz_Logo_72dpi.jpg","contentUrl":"https:\/\/sportbiz.ch\/wp-content\/uploads\/2023\/02\/sportbiz_Logo_72dpi.jpg","width":520,"height":204,"caption":"ASMAS Sportfachhandel Schweiz"},"image":{"@id":"https:\/\/sportbiz.ch\/fr\/#\/schema\/logo\/image\/"},"sameAs":["https:\/\/www.facebook.com\/sportbizbyasmas","https:\/\/www.linkedin.com\/company\/sportbizbyasmas\/","https:\/\/www.instagram.com\/sportbiz.ch_by_asmas\/","https:\/\/www.youtube.com\/channel\/UC_WL3nmvFlpl_sUNQofksqQ"]}]}},"_links":{"self":[{"href":"https:\/\/sportbiz.ch\/fr\/wp-json\/wp\/v2\/news\/195441","targetHints":{"allow":["GET"]}}],"collection":[{"href":"https:\/\/sportbiz.ch\/fr\/wp-json\/wp\/v2\/news"}],"about":[{"href":"https:\/\/sportbiz.ch\/fr\/wp-json\/wp\/v2\/types\/news"}],"author":[{"embeddable":true,"href":"https:\/\/sportbiz.ch\/fr\/wp-json\/wp\/v2\/users\/1968"}],"version-history":[{"count":0,"href":"https:\/\/sportbiz.ch\/fr\/wp-json\/wp\/v2\/news\/195441\/revisions"}],"wp:featuredmedia":[{"embeddable":true,"href":"https:\/\/sportbiz.ch\/fr\/wp-json\/wp\/v2\/media\/195253"}],"wp:attachment":[{"href":"https:\/\/sportbiz.ch\/fr\/wp-json\/wp\/v2\/media?parent=195441"}],"wp:term":[{"taxonomy":"category","embeddable":true,"href":"https:\/\/sportbiz.ch\/fr\/wp-json\/wp\/v2\/categories?post=195441"}],"curies":[{"name":"wp","href":"https:\/\/api.w.org\/{rel}","templated":true}]}}