{"id":195340,"date":"2026-08-28T00:00:00","date_gmt":"2026-08-27T22:00:00","guid":{"rendered":"https:\/\/sportbiz.ch\/news\/vaude-ouvre-sa-premiere-boutique-de-marque-en-suisse\/"},"modified":"2026-09-01T11:03:55","modified_gmt":"2026-09-01T09:03:55","slug":"vaude-ouvre-sa-premiere-boutique-de-marque-en-suisse","status":"publish","type":"news","link":"https:\/\/sportbiz.ch\/fr\/news\/vaude-ouvre-sa-premiere-boutique-de-marque-en-suisse\/","title":{"rendered":"VAUDE ouvre sa premi\u00e8re boutique de marque en Suisse"},"content":{"rendered":"<p><strong>VAUDE renforce sa pr\u00e9sence sur le march\u00e9 suisse des articles de sport. Le 29 ao\u00fbt 2026, la marque outdoor ouvrira sa premi\u00e8re boutique VAUDE en Suisse, \u00e0 Zurich. Ce point de vente d&rsquo;environ 160 m\u00e8tres carr\u00e9s sera g\u00e9r\u00e9 par Crash &#038; Eddie AG.  <\/strong><\/p>\n<p>Avec l&rsquo;ouverture de ce magasin \u00e0 Zurich, VAUDE introduit pour la premi\u00e8re fois son concept de franchise sur le march\u00e9 suisse. Crash &#038; Eddie AG est une entreprise fond\u00e9e par Christof Sch\u00fcpbach, Fabi Hammer et Lukas Arnold, professionnels exp\u00e9riment\u00e9s du commerce d&rsquo;articles de sport et de plein air. Michael Pirker assurera la gestion op\u00e9rationnelle du nouveau magasin.  <\/p>\n<p><strong>Emplacement central pour les activit\u00e9s de plein air et le v\u00e9lo<\/strong><br \/> VAUDE consid\u00e8re Zurich comme un emplacement id\u00e9al pour l&rsquo;ouverture de sa propre boutique en Suisse. L&rsquo;alliance de la vie urbaine, des activit\u00e9s de plein air et de la mobilit\u00e9 durable correspond au positionnement de la marque. Le lac de Zurich et de nombreuses possibilit\u00e9s de randonn\u00e9e, de v\u00e9lo et de sports de montagne sont facilement accessibles depuis la ville.  <\/p>\n<p>Le nouveau magasin a pour vocation de s\u00e9duire \u00e0 la fois les clients de la ville et une client\u00e8le r\u00e9gionale ax\u00e9e sur le sport et les activit\u00e9s de plein air.<\/p>\n<p>\u00ab VAUDE allie des produits outdoor de haute qualit\u00e9 \u00e0 une d\u00e9marche \u00e9coresponsable cr\u00e9dible et \u00e0 une v\u00e9ritable philosophie. C\u2019est pr\u00e9cis\u00e9ment ce qui nous convainc \u2013 et cela correspond parfaitement \u00e0 Zurich, o\u00f9 l\u2019enthousiasme pour le plein air et la conscience environnementale se rejoignent \u00bb, explique Lukas Arnold.<\/p>\n<p><strong>\u00c9quipe op\u00e9rationnelle exp\u00e9riment\u00e9e<\/strong><br \/> Avec Christof Sch\u00fcpbach, Fabi Hammer et Lukas Arnold, VAUDE s&rsquo;appuie sur une \u00e9quipe op\u00e9rationnelle exp\u00e9riment\u00e9e dans le secteur de la distribution d&rsquo;articles de sport, ainsi que dans le d\u00e9veloppement et la gestion de boutiques de marques sp\u00e9cialis\u00e9es. Ensemble, ils dirigent Crash &#038; Eddie AG, responsable du nouveau point de vente. <\/p>\n<p>Michael Pirker est responsable de la gestion op\u00e9rationnelle du magasin. Il apporte \u00e9galement son exp\u00e9rience du secteur de la vente d&rsquo;articles de sport et de l&rsquo;environnement de diff\u00e9rentes marques de plein air. <\/p>\n<p>Jan Lorch, membre du directoire de VAUDE en charge des ventes, de la logistique et du d\u00e9veloppement durable, voit dans cette ouverture un signe positif pour les commerces physiques. Il estime que des partenariats solides entre marques et distributeurs constituent un fondement essentiel \u00e0 leur r\u00e9ussite, notamment dans un contexte de march\u00e9 difficile. <\/p>\n<p><strong>Mod\u00e8le de franchise avec comp\u00e9tences partag\u00e9es<\/strong><br \/> Du point de vue commercial, le mod\u00e8le \u00e9conomique de ce nouveau magasin est int\u00e9ressant. VAUDE s&rsquo;appuie sur un syst\u00e8me de franchise bas\u00e9 sur le partenariat pour ses boutiques. Les franchis\u00e9s conservent leur ind\u00e9pendance entrepreneuriale et apportent leur connaissance du march\u00e9 local ainsi que leur exp\u00e9rience du commerce de d\u00e9tail.  <\/p>\n<p>VAUDE fournit les marchandises en d\u00e9p\u00f4t-vente et assume ainsi les risques li\u00e9s \u00e0 la marchandise. Parall\u00e8lement, la marque accompagne les commer\u00e7ants en leur proposant un concept de design de magasin, de marketing et de vitrine, ainsi qu&rsquo;une expertise en mati\u00e8re de marque et de produits. <\/p>\n<p>Ce mod\u00e8le associe l&rsquo;expertise locale de d\u00e9taillants sp\u00e9cialis\u00e9s ind\u00e9pendants aux structures et aux ressources d&rsquo;une marque outdoor de renomm\u00e9e internationale.<\/p>\n<p><strong>Expansion de la pr\u00e9sence sur le march\u00e9 suisse sp\u00e9cialis\u00e9<\/strong><br \/> Avec l&rsquo;ouverture de sa premi\u00e8re boutique VAUDE \u00e0 Zurich, le concept de franchise de la marque s&rsquo;implante pour la premi\u00e8re fois en Suisse. L&rsquo;activit\u00e9 de franchise suisse est g\u00e9r\u00e9e par VAUDE GmbH, bas\u00e9e \u00e0 Sarnen. <\/p>\n<p>Cette ouverture d\u00e9montre \u00e9galement que les marques continuent d&rsquo;investir dans les espaces de vente physiques et la collaboration avec des partenaires de vente au d\u00e9tail sp\u00e9cialis\u00e9s et exp\u00e9riment\u00e9s, m\u00eame dans un environnement commercial difficile.<\/p>\n","protected":false},"excerpt":{"rendered":"<p>VAUDE renforce sa pr\u00e9sence sur le march\u00e9 suisse des articles de sport. Le 29 ao\u00fbt 2026, la marque outdoor ouvrira sa premi\u00e8re boutique VAUDE en Suisse, \u00e0 Zurich. Ce point de vente d&rsquo;environ 160 m\u00e8tres carr\u00e9s sera g\u00e9r\u00e9 par Crash &#038; Eddie AG. Avec l&rsquo;ouverture de ce magasin \u00e0 Zurich, VAUDE introduit pour la premi\u00e8re [&hellip;]<\/p>\n","protected":false},"author":9,"featured_media":195327,"menu_order":0,"template":"","meta":{"_acf_changed":false,"footnotes":""},"categories":[125],"class_list":["post-195340","news","type-news","status-publish","has-post-thumbnail","hentry","category-secteur-et-vente-au-detail"],"yoast_head":"<!-- This site is optimized with the Yoast SEO plugin v28.3 - https:\/\/yoast.com\/product\/yoast-seo-wordpress\/ -->\n<title>VAUDE ouvre sa premi\u00e8re boutique de marque en Suisse - Sportbiz<\/title>\n<meta name=\"robots\" content=\"index, follow, max-snippet:-1, max-image-preview:large, max-video-preview:-1\" \/>\n<link rel=\"canonical\" href=\"https:\/\/sportbiz.ch\/fr\/news\/vaude-ouvre-sa-premiere-boutique-de-marque-en-suisse\/\" \/>\n<meta property=\"og:locale\" content=\"fr_FR\" \/>\n<meta property=\"og:type\" content=\"article\" \/>\n<meta property=\"og:title\" content=\"VAUDE ouvre sa premi\u00e8re boutique de marque en Suisse - Sportbiz\" \/>\n<meta property=\"og:description\" content=\"VAUDE renforce sa pr\u00e9sence sur le march\u00e9 suisse des articles de sport. Le 29 ao\u00fbt 2026, la marque outdoor ouvrira sa premi\u00e8re boutique VAUDE en Suisse, \u00e0 Zurich. Ce point de vente d&rsquo;environ 160 m\u00e8tres carr\u00e9s sera g\u00e9r\u00e9 par Crash &#038; Eddie AG. Avec l&rsquo;ouverture de ce magasin \u00e0 Zurich, VAUDE introduit pour la premi\u00e8re [&hellip;]\" \/>\n<meta property=\"og:url\" content=\"https:\/\/sportbiz.ch\/fr\/news\/vaude-ouvre-sa-premiere-boutique-de-marque-en-suisse\/\" \/>\n<meta property=\"og:site_name\" content=\"Sportbiz\" \/>\n<meta property=\"article:publisher\" content=\"https:\/\/www.facebook.com\/sportbizbyasmas\" \/>\n<meta property=\"article:modified_time\" content=\"2026-09-01T09:03:55+00:00\" \/>\n<meta property=\"og:image\" content=\"https:\/\/sportbiz.ch\/wp-content\/uploads\/2026\/08\/2026_vaude-store-zu-rich_03-1.jpg\" \/>\n\t<meta property=\"og:image:width\" content=\"800\" \/>\n\t<meta property=\"og:image:height\" content=\"600\" \/>\n\t<meta property=\"og:image:type\" content=\"image\/jpeg\" \/>\n<meta name=\"twitter:card\" content=\"summary_large_image\" \/>\n<meta name=\"twitter:label1\" content=\"Dur\u00e9e de lecture estim\u00e9e\" \/>\n\t<meta name=\"twitter:data1\" content=\"3 minutes\" \/>\n<script type=\"application\/ld+json\" class=\"yoast-schema-graph\">{\"@context\":\"https:\\\/\\\/schema.org\",\"@graph\":[{\"@type\":\"WebPage\",\"@id\":\"https:\\\/\\\/sportbiz.ch\\\/fr\\\/news\\\/vaude-ouvre-sa-premiere-boutique-de-marque-en-suisse\\\/\",\"url\":\"https:\\\/\\\/sportbiz.ch\\\/fr\\\/news\\\/vaude-ouvre-sa-premiere-boutique-de-marque-en-suisse\\\/\",\"name\":\"VAUDE ouvre sa premi\u00e8re boutique de marque en Suisse - Sportbiz\",\"isPartOf\":{\"@id\":\"https:\\\/\\\/sportbiz.ch\\\/fr\\\/#website\"},\"primaryImageOfPage\":{\"@id\":\"https:\\\/\\\/sportbiz.ch\\\/fr\\\/news\\\/vaude-ouvre-sa-premiere-boutique-de-marque-en-suisse\\\/#primaryimage\"},\"image\":{\"@id\":\"https:\\\/\\\/sportbiz.ch\\\/fr\\\/news\\\/vaude-ouvre-sa-premiere-boutique-de-marque-en-suisse\\\/#primaryimage\"},\"thumbnailUrl\":\"https:\\\/\\\/sportbiz.ch\\\/wp-content\\\/uploads\\\/2026\\\/08\\\/2026_vaude-store-zu-rich_03-1.jpg\",\"datePublished\":\"2026-08-27T22:00:00+00:00\",\"dateModified\":\"2026-09-01T09:03:55+00:00\",\"breadcrumb\":{\"@id\":\"https:\\\/\\\/sportbiz.ch\\\/fr\\\/news\\\/vaude-ouvre-sa-premiere-boutique-de-marque-en-suisse\\\/#breadcrumb\"},\"inLanguage\":\"fr-FR\",\"potentialAction\":[{\"@type\":\"ReadAction\",\"target\":[\"https:\\\/\\\/sportbiz.ch\\\/fr\\\/news\\\/vaude-ouvre-sa-premiere-boutique-de-marque-en-suisse\\\/\"]}]},{\"@type\":\"ImageObject\",\"inLanguage\":\"fr-FR\",\"@id\":\"https:\\\/\\\/sportbiz.ch\\\/fr\\\/news\\\/vaude-ouvre-sa-premiere-boutique-de-marque-en-suisse\\\/#primaryimage\",\"url\":\"https:\\\/\\\/sportbiz.ch\\\/wp-content\\\/uploads\\\/2026\\\/08\\\/2026_vaude-store-zu-rich_03-1.jpg\",\"contentUrl\":\"https:\\\/\\\/sportbiz.ch\\\/wp-content\\\/uploads\\\/2026\\\/08\\\/2026_vaude-store-zu-rich_03-1.jpg\",\"width\":3000,\"height\":2250,\"caption\":\"2026_VAUDE-Store-Zu--rich_03\"},{\"@type\":\"BreadcrumbList\",\"@id\":\"https:\\\/\\\/sportbiz.ch\\\/fr\\\/news\\\/vaude-ouvre-sa-premiere-boutique-de-marque-en-suisse\\\/#breadcrumb\",\"itemListElement\":[{\"@type\":\"ListItem\",\"position\":1,\"name\":\"Home\",\"item\":\"https:\\\/\\\/sportbiz.ch\\\/fr\\\/page-daccueil\\\/\"},{\"@type\":\"ListItem\",\"position\":2,\"name\":\"News\",\"item\":\"https:\\\/\\\/sportbiz.ch\\\/fr\\\/news\\\/\"},{\"@type\":\"ListItem\",\"position\":3,\"name\":\"VAUDE ouvre sa premi\u00e8re boutique de marque en Suisse\"}]},{\"@type\":\"WebSite\",\"@id\":\"https:\\\/\\\/sportbiz.ch\\\/fr\\\/#website\",\"url\":\"https:\\\/\\\/sportbiz.ch\\\/fr\\\/\",\"name\":\"Sportbiz\",\"description\":\"Schweizer Sportartikelbranche Online: ASMAS Verband Schweizer Sportfachhandel, \u00abSpaf\u00bb Verband Schweiz. Sportartikel-Lieferanten\",\"publisher\":{\"@id\":\"https:\\\/\\\/sportbiz.ch\\\/fr\\\/#organization\"},\"potentialAction\":[{\"@type\":\"SearchAction\",\"target\":{\"@type\":\"EntryPoint\",\"urlTemplate\":\"https:\\\/\\\/sportbiz.ch\\\/fr\\\/?s={search_term_string}\"},\"query-input\":{\"@type\":\"PropertyValueSpecification\",\"valueRequired\":true,\"valueName\":\"search_term_string\"}}],\"inLanguage\":\"fr-FR\"},{\"@type\":\"Organization\",\"@id\":\"https:\\\/\\\/sportbiz.ch\\\/fr\\\/#organization\",\"name\":\"ASMAS Sportfachhandel Schweiz\",\"url\":\"https:\\\/\\\/sportbiz.ch\\\/fr\\\/\",\"logo\":{\"@type\":\"ImageObject\",\"inLanguage\":\"fr-FR\",\"@id\":\"https:\\\/\\\/sportbiz.ch\\\/fr\\\/#\\\/schema\\\/logo\\\/image\\\/\",\"url\":\"https:\\\/\\\/sportbiz.ch\\\/wp-content\\\/uploads\\\/2023\\\/02\\\/sportbiz_Logo_72dpi.jpg\",\"contentUrl\":\"https:\\\/\\\/sportbiz.ch\\\/wp-content\\\/uploads\\\/2023\\\/02\\\/sportbiz_Logo_72dpi.jpg\",\"width\":520,\"height\":204,\"caption\":\"ASMAS Sportfachhandel Schweiz\"},\"image\":{\"@id\":\"https:\\\/\\\/sportbiz.ch\\\/fr\\\/#\\\/schema\\\/logo\\\/image\\\/\"},\"sameAs\":[\"https:\\\/\\\/www.facebook.com\\\/sportbizbyasmas\",\"https:\\\/\\\/www.linkedin.com\\\/company\\\/sportbizbyasmas\\\/\",\"https:\\\/\\\/www.instagram.com\\\/sportbiz.ch_by_asmas\\\/\",\"https:\\\/\\\/www.youtube.com\\\/channel\\\/UC_WL3nmvFlpl_sUNQofksqQ\"]}]}<\/script>\n<!-- \/ Yoast SEO plugin. -->","yoast_head_json":{"title":"VAUDE ouvre sa premi\u00e8re boutique de marque en Suisse - Sportbiz","robots":{"index":"index","follow":"follow","max-snippet":"max-snippet:-1","max-image-preview":"max-image-preview:large","max-video-preview":"max-video-preview:-1"},"canonical":"https:\/\/sportbiz.ch\/fr\/news\/vaude-ouvre-sa-premiere-boutique-de-marque-en-suisse\/","og_locale":"fr_FR","og_type":"article","og_title":"VAUDE ouvre sa premi\u00e8re boutique de marque en Suisse - Sportbiz","og_description":"VAUDE renforce sa pr\u00e9sence sur le march\u00e9 suisse des articles de sport. Le 29 ao\u00fbt 2026, la marque outdoor ouvrira sa premi\u00e8re boutique VAUDE en Suisse, \u00e0 Zurich. Ce point de vente d&rsquo;environ 160 m\u00e8tres carr\u00e9s sera g\u00e9r\u00e9 par Crash &#038; Eddie AG. Avec l&rsquo;ouverture de ce magasin \u00e0 Zurich, VAUDE introduit pour la premi\u00e8re [&hellip;]","og_url":"https:\/\/sportbiz.ch\/fr\/news\/vaude-ouvre-sa-premiere-boutique-de-marque-en-suisse\/","og_site_name":"Sportbiz","article_publisher":"https:\/\/www.facebook.com\/sportbizbyasmas","article_modified_time":"2026-09-01T09:03:55+00:00","og_image":[{"url":"https:\/\/sportbiz.ch\/wp-content\/uploads\/2026\/08\/2026_vaude-store-zu-rich_03-1.jpg","width":800,"height":600,"type":"image\/jpeg"}],"twitter_card":"summary_large_image","twitter_misc":{"Dur\u00e9e de lecture estim\u00e9e":"3 minutes"},"schema":{"@context":"https:\/\/schema.org","@graph":[{"@type":"WebPage","@id":"https:\/\/sportbiz.ch\/fr\/news\/vaude-ouvre-sa-premiere-boutique-de-marque-en-suisse\/","url":"https:\/\/sportbiz.ch\/fr\/news\/vaude-ouvre-sa-premiere-boutique-de-marque-en-suisse\/","name":"VAUDE ouvre sa premi\u00e8re boutique de marque en Suisse - Sportbiz","isPartOf":{"@id":"https:\/\/sportbiz.ch\/fr\/#website"},"primaryImageOfPage":{"@id":"https:\/\/sportbiz.ch\/fr\/news\/vaude-ouvre-sa-premiere-boutique-de-marque-en-suisse\/#primaryimage"},"image":{"@id":"https:\/\/sportbiz.ch\/fr\/news\/vaude-ouvre-sa-premiere-boutique-de-marque-en-suisse\/#primaryimage"},"thumbnailUrl":"https:\/\/sportbiz.ch\/wp-content\/uploads\/2026\/08\/2026_vaude-store-zu-rich_03-1.jpg","datePublished":"2026-08-27T22:00:00+00:00","dateModified":"2026-09-01T09:03:55+00:00","breadcrumb":{"@id":"https:\/\/sportbiz.ch\/fr\/news\/vaude-ouvre-sa-premiere-boutique-de-marque-en-suisse\/#breadcrumb"},"inLanguage":"fr-FR","potentialAction":[{"@type":"ReadAction","target":["https:\/\/sportbiz.ch\/fr\/news\/vaude-ouvre-sa-premiere-boutique-de-marque-en-suisse\/"]}]},{"@type":"ImageObject","inLanguage":"fr-FR","@id":"https:\/\/sportbiz.ch\/fr\/news\/vaude-ouvre-sa-premiere-boutique-de-marque-en-suisse\/#primaryimage","url":"https:\/\/sportbiz.ch\/wp-content\/uploads\/2026\/08\/2026_vaude-store-zu-rich_03-1.jpg","contentUrl":"https:\/\/sportbiz.ch\/wp-content\/uploads\/2026\/08\/2026_vaude-store-zu-rich_03-1.jpg","width":3000,"height":2250,"caption":"2026_VAUDE-Store-Zu--rich_03"},{"@type":"BreadcrumbList","@id":"https:\/\/sportbiz.ch\/fr\/news\/vaude-ouvre-sa-premiere-boutique-de-marque-en-suisse\/#breadcrumb","itemListElement":[{"@type":"ListItem","position":1,"name":"Home","item":"https:\/\/sportbiz.ch\/fr\/page-daccueil\/"},{"@type":"ListItem","position":2,"name":"News","item":"https:\/\/sportbiz.ch\/fr\/news\/"},{"@type":"ListItem","position":3,"name":"VAUDE ouvre sa premi\u00e8re boutique de marque en Suisse"}]},{"@type":"WebSite","@id":"https:\/\/sportbiz.ch\/fr\/#website","url":"https:\/\/sportbiz.ch\/fr\/","name":"Sportbiz","description":"Schweizer Sportartikelbranche Online: ASMAS Verband Schweizer Sportfachhandel, \u00abSpaf\u00bb Verband Schweiz. Sportartikel-Lieferanten","publisher":{"@id":"https:\/\/sportbiz.ch\/fr\/#organization"},"potentialAction":[{"@type":"SearchAction","target":{"@type":"EntryPoint","urlTemplate":"https:\/\/sportbiz.ch\/fr\/?s={search_term_string}"},"query-input":{"@type":"PropertyValueSpecification","valueRequired":true,"valueName":"search_term_string"}}],"inLanguage":"fr-FR"},{"@type":"Organization","@id":"https:\/\/sportbiz.ch\/fr\/#organization","name":"ASMAS Sportfachhandel Schweiz","url":"https:\/\/sportbiz.ch\/fr\/","logo":{"@type":"ImageObject","inLanguage":"fr-FR","@id":"https:\/\/sportbiz.ch\/fr\/#\/schema\/logo\/image\/","url":"https:\/\/sportbiz.ch\/wp-content\/uploads\/2023\/02\/sportbiz_Logo_72dpi.jpg","contentUrl":"https:\/\/sportbiz.ch\/wp-content\/uploads\/2023\/02\/sportbiz_Logo_72dpi.jpg","width":520,"height":204,"caption":"ASMAS Sportfachhandel Schweiz"},"image":{"@id":"https:\/\/sportbiz.ch\/fr\/#\/schema\/logo\/image\/"},"sameAs":["https:\/\/www.facebook.com\/sportbizbyasmas","https:\/\/www.linkedin.com\/company\/sportbizbyasmas\/","https:\/\/www.instagram.com\/sportbiz.ch_by_asmas\/","https:\/\/www.youtube.com\/channel\/UC_WL3nmvFlpl_sUNQofksqQ"]}]}},"_links":{"self":[{"href":"https:\/\/sportbiz.ch\/fr\/wp-json\/wp\/v2\/news\/195340","targetHints":{"allow":["GET"]}}],"collection":[{"href":"https:\/\/sportbiz.ch\/fr\/wp-json\/wp\/v2\/news"}],"about":[{"href":"https:\/\/sportbiz.ch\/fr\/wp-json\/wp\/v2\/types\/news"}],"author":[{"embeddable":true,"href":"https:\/\/sportbiz.ch\/fr\/wp-json\/wp\/v2\/users\/9"}],"version-history":[{"count":1,"href":"https:\/\/sportbiz.ch\/fr\/wp-json\/wp\/v2\/news\/195340\/revisions"}],"predecessor-version":[{"id":195473,"href":"https:\/\/sportbiz.ch\/fr\/wp-json\/wp\/v2\/news\/195340\/revisions\/195473"}],"wp:featuredmedia":[{"embeddable":true,"href":"https:\/\/sportbiz.ch\/fr\/wp-json\/wp\/v2\/media\/195327"}],"wp:attachment":[{"href":"https:\/\/sportbiz.ch\/fr\/wp-json\/wp\/v2\/media?parent=195340"}],"wp:term":[{"taxonomy":"category","embeddable":true,"href":"https:\/\/sportbiz.ch\/fr\/wp-json\/wp\/v2\/categories?post=195340"}],"curies":[{"name":"wp","href":"https:\/\/api.w.org\/{rel}","templated":true}]}}