{"id":187947,"date":"2026-04-21T00:00:00","date_gmt":"2026-04-20T22:00:00","guid":{"rendered":"https:\/\/sportbiz.ch\/news\/sport-brand-2026-placer-la-communaute-au-coeur-du-congres\/"},"modified":"2026-04-21T00:00:00","modified_gmt":"2026-04-20T22:00:00","slug":"sport-brand-2026-placer-la-communaute-au-coeur-du-congres","status":"publish","type":"news","link":"https:\/\/sportbiz.ch\/fr\/news\/sport-brand-2026-placer-la-communaute-au-coeur-du-congres\/","title":{"rendered":"Sport &amp; Brand 2026&nbsp;: Placer la communaut\u00e9 au c\u0153ur du congr\u00e8s"},"content":{"rendered":"<p><strong>Le 27 avril 2026, Vienne deviendra le centre n\u00e9vralgique du secteur sportif. Lors de \u00ab&nbsp;Sport &amp; Brand&nbsp;\u00bb, le plus grand congr\u00e8s autrichien du secteur, tout sera mis en avant&nbsp;: la communaut\u00e9 comme facteur cl\u00e9 de succ\u00e8s, la cr\u00e9ation de valeur num\u00e9rique et un sponsoring \u00e0 fort impact. Les plus grandes marques participeront aux discussions et la championne olympique Janine Flock apportera sa prestigieuse notori\u00e9t\u00e9 sur sc\u00e8ne.  <\/strong><\/p>\n<p>L&rsquo;or fait les gros titres. Les exploits propulsent les athl\u00e8tes sur le devant de la sc\u00e8ne et g\u00e9n\u00e8rent une visibilit\u00e9 immense en un temps record. Les r\u00e9seaux sociaux se d\u00e9veloppent \u00e0 une vitesse fulgurante, les marques se bousculent \u00e0 leurs pieds et les m\u00e9dias couvrent l&rsquo;\u00e9v\u00e9nement sans rel\u00e2che. Mais apr\u00e8s les applaudissements, le vrai travail commence. Il faut transformer l&rsquo;attention passag\u00e8re en une relation durable. L&rsquo;enthousiasme doit se muer en un r\u00e9seau solide.     <\/p>\n<p><strong>La communaut\u00e9 comme nouveau mod\u00e8le \u00e9conomique dans le sport ?<br \/><\/strong><br \/>C\u2019est pr\u00e9cis\u00e9ment l\u00e0 qu\u2019intervient Sport &amp; Marke 2026. Le plus grand congr\u00e8s autrichien du secteur sportif analyse comment les \u00e9v\u00e9nements sportifs majeurs peuvent g\u00e9n\u00e9rer des opportunit\u00e9s \u00e9conomiques durables. Depuis plus de dix ans, les acteurs cl\u00e9s de l\u2019industrie se r\u00e9unissent chaque ann\u00e9e \u00e0 l\u2019h\u00f4tel Hilton Vienna Danube Waterfront pour \u00e9changer leurs connaissances. Plus de 60 experts y d\u00e9battent des tendances et des strat\u00e9gies du secteur sportif.   <\/p>\n<p>Cette ann\u00e9e, l&rsquo;accent est mis sur la communaut\u00e9. \u00ab Comment les marques peuvent-elles y acc\u00e9der de mani\u00e8re authentique, et comment cet acc\u00e8s se traduit-il concr\u00e8tement en ventes, en valeur de marque et en fid\u00e9lit\u00e9 ? \u00bb \u00ab La communaut\u00e9 est aujourd&rsquo;hui l&rsquo;atout le plus pr\u00e9cieux du sport. Ceux qui la comprennent et la mobilisent en tirent \u00e9galement profit sur le plan \u00e9conomique \u00bb, affirme Hans Willy Brockes, directeur g\u00e9n\u00e9ral du r\u00e9seau ESB Marketing Network et organisateur du congr\u00e8s. <\/p>\n<p><strong>Des moments pr\u00e9cieux \u00e0 la fid\u00e9lit\u00e9 \u00e0 la marque<\/strong><\/p>\n<p>Lors de la discussion intitul\u00e9e \u00ab&nbsp;De la notori\u00e9t\u00e9 m\u00e9diatique \u00e0 l&rsquo;engagement durable&nbsp;\u00bb, la championne olympique de skeleton Janine Flock et le joueur de tennis en fauteuil roulant Nico Langmann, accompagn\u00e9s de repr\u00e9sentants des Loteries et de la R\u00e9publique autrichienne du commerce, analysent comment transformer un engouement passager en fid\u00e9lit\u00e9 \u00e0 long terme. La pr\u00e9sentation \u00ab&nbsp;Mastercard x Sporthilfe \u2013 Du storytelling \u00e0 l&rsquo;engagement concret&nbsp;\u00bb illustre l&rsquo;impact tangible d&rsquo;un partenariat de longue dur\u00e9e. En collaboration avec la Fondation autrichienne d&rsquo;aide au sport, Mastercard investit de mani\u00e8re cibl\u00e9e dans le d\u00e9veloppement et l&rsquo;inclusion des jeunes.  <\/p>\n<p><strong>G\u00e9n\u00e9ration Alpha et la nouvelle attention<\/strong><\/p>\n<p>La notion de communaut\u00e9 implique \u00e9galement de comprendre la nouvelle g\u00e9n\u00e9ration. Sous le titre \u00ab&nbsp;G\u00e9n\u00e9ration Alpha&nbsp;: Reconqu\u00e9rir l\u2019attention&nbsp;\u00bb, Christian Aigner-Sattler, directeur de la recherche chez RTL AdAlliance, explique comment atteindre les jeunes cibles \u00e0 travers la t\u00e9l\u00e9vision, le web, les jeux vid\u00e9o et les r\u00e9seaux sociaux. La table ronde \u00ab&nbsp;M\u00e9dias sportifs en transition&nbsp;\u00bb compl\u00e8te cette perspective. Des repr\u00e9sentants de Sky Deutschland et d\u2019ORF analysent les nouvelles logiques en mati\u00e8re de droits, les strat\u00e9gies de plateforme et le d\u00e9veloppement \u00e0 grande \u00e9chelle gr\u00e2ce \u00e0 l\u2019IA dans le sport amateur. Les marques elles-m\u00eames se concentrent davantage sur l\u2019avenir du sponsoring sportif. Des entreprises comme Kr\u00fcger Group, BORA, Allianz et Decathlon discutent des indicateurs cl\u00e9s de performance (KPI) qui seront d\u00e9terminants \u00e0 l\u2019avenir et de la fa\u00e7on dont le sponsoring \u00e9volue d\u2019un outil d\u2019image \u00e0 une discipline ax\u00e9e sur la performance.     <\/p>\n<p><strong>Le forum de golf et la LNH sont de nouveaux ajouts au programme<\/strong><\/p>\n<p>Nouveaut\u00e9 au programme&nbsp;: un forum d\u00e9di\u00e9 au golf. Sous le titre \u00ab&nbsp;Le golf en plein essor&nbsp;\u00bb, des repr\u00e9sentants du secteur, en collaboration avec CANAL+ GOLF, analyseront la m\u00e9diatisation de ce sport, son attrait aupr\u00e8s des client\u00e8les ais\u00e9es et son positionnement comme activit\u00e9 haut de gamme tout au long de l\u2019ann\u00e9e. <\/p>\n<p>La Ligue nationale de hockey, entre autres, illustre comment les d\u00e9tenteurs de droits sportifs d\u00e9veloppent leurs \u00e9cosyst\u00e8mes. L&rsquo;internationalisation, les nouveaux formats de comp\u00e9tition et les activations cibl\u00e9es sont autant d&rsquo;exemples de la mani\u00e8re dont les ligues renforcent leur attrait aupr\u00e8s des marques. <\/p>\n<p><strong>L&rsquo;\u00e9v\u00e9nement d\u00e9bute par une course communautaire et se termine par une soir\u00e9e sp\u00e9ciale.<\/strong><br \/> La journ\u00e9e du congr\u00e8s d\u00e9bute par la nouvelle course communautaire \u00e0 6h30 le long du Danube, suivie d&rsquo;un petit-d\u00e9jeuner. Les \u00e9changes informels commencent avant la premi\u00e8re table ronde. En soir\u00e9e, une r\u00e9ception est organis\u00e9e. Le r\u00e9seautage, les \u00e9changes et la cr\u00e9ation de nouveaux partenariats sont au c\u0153ur de cette journ\u00e9e.   <\/p>\n<p>La s\u00e9rie de formations \u00ab One Day Sales Academy \u00bb se conclut le 28 avril. Ce s\u00e9minaire d&rsquo;une journ\u00e9e s&rsquo;adresse aux employ\u00e9s, aux gestionnaires et aux d\u00e9cideurs du secteur des ventes et se concentre sur la g\u00e9n\u00e9ration de prospects, l&rsquo;\u00e9tat d&rsquo;esprit, les strat\u00e9gies pour les prochaines \u00e9tapes et la prospection t\u00e9l\u00e9phonique dans le secteur du sport. <\/p>\n<p><strong><a href=\"https:\/\/www.sport-marke.at\/?utm_medium=email&amp;utm_campaign=Presse%20Sport%20%20Marke%202026%202Mrz&amp;utm_content=Presse%20Sport%20%20Marke%202026%202Mrz+CID_849ded7549ccd6b83d0a0235d64a4144&amp;utm_source=campaignmonitor&amp;utm_term=wwwsport-markeat\" target=\"_blank\" rel=\"noopener\">Inscrivez-vous d\u00e8s maintenant sur&nbsp;: www.sport-marke.at<\/a><\/strong><\/p>\n","protected":false},"excerpt":{"rendered":"<p>Le 27 avril 2026, Vienne deviendra le centre n\u00e9vralgique du secteur sportif. Lors de \u00ab&nbsp;Sport &amp; Brand&nbsp;\u00bb, le plus grand congr\u00e8s autrichien du secteur, tout sera mis en avant&nbsp;: la communaut\u00e9 comme facteur cl\u00e9 de succ\u00e8s, la cr\u00e9ation de valeur num\u00e9rique et un sponsoring \u00e0 fort impact. Les plus grandes marques participeront aux discussions et [&hellip;]<\/p>\n","protected":false},"author":9,"featured_media":0,"menu_order":0,"template":"","meta":{"_acf_changed":false,"footnotes":""},"categories":[127],"class_list":["post-187947","news","type-news","status-publish","hentry","category-evenements"],"yoast_head":"<!-- This site is optimized with the Yoast SEO plugin v27.4 - https:\/\/yoast.com\/product\/yoast-seo-wordpress\/ -->\n<title>Sport &amp; Brand 2026&nbsp;: Placer la communaut\u00e9 au c\u0153ur du congr\u00e8s - Sportbiz<\/title>\n<meta name=\"robots\" content=\"index, follow, max-snippet:-1, max-image-preview:large, max-video-preview:-1\" \/>\n<link rel=\"canonical\" href=\"https:\/\/sportbiz.ch\/fr\/news\/sport-brand-2026-placer-la-communaute-au-coeur-du-congres\/\" \/>\n<meta property=\"og:locale\" content=\"fr_FR\" \/>\n<meta property=\"og:type\" content=\"article\" \/>\n<meta property=\"og:title\" content=\"Sport &amp; Brand 2026&nbsp;: Placer la communaut\u00e9 au c\u0153ur du congr\u00e8s - Sportbiz\" \/>\n<meta property=\"og:description\" content=\"Le 27 avril 2026, Vienne deviendra le centre n\u00e9vralgique du secteur sportif. Lors de \u00ab&nbsp;Sport &amp; Brand&nbsp;\u00bb, le plus grand congr\u00e8s autrichien du secteur, tout sera mis en avant&nbsp;: la communaut\u00e9 comme facteur cl\u00e9 de succ\u00e8s, la cr\u00e9ation de valeur num\u00e9rique et un sponsoring \u00e0 fort impact. Les plus grandes marques participeront aux discussions et [&hellip;]\" \/>\n<meta property=\"og:url\" content=\"https:\/\/sportbiz.ch\/fr\/news\/sport-brand-2026-placer-la-communaute-au-coeur-du-congres\/\" \/>\n<meta property=\"og:site_name\" content=\"Sportbiz\" \/>\n<meta property=\"article:publisher\" content=\"https:\/\/www.facebook.com\/sportbizbyasmas\" \/>\n<meta name=\"twitter:card\" content=\"summary_large_image\" \/>\n<meta name=\"twitter:label1\" content=\"Dur\u00e9e de lecture estim\u00e9e\" \/>\n\t<meta name=\"twitter:data1\" content=\"4 minutes\" \/>\n<script type=\"application\/ld+json\" class=\"yoast-schema-graph\">{\"@context\":\"https:\\\/\\\/schema.org\",\"@graph\":[{\"@type\":\"WebPage\",\"@id\":\"https:\\\/\\\/sportbiz.ch\\\/fr\\\/news\\\/sport-brand-2026-placer-la-communaute-au-coeur-du-congres\\\/\",\"url\":\"https:\\\/\\\/sportbiz.ch\\\/fr\\\/news\\\/sport-brand-2026-placer-la-communaute-au-coeur-du-congres\\\/\",\"name\":\"Sport &amp; Brand 2026&nbsp;: Placer la communaut\u00e9 au c\u0153ur du congr\u00e8s - Sportbiz\",\"isPartOf\":{\"@id\":\"https:\\\/\\\/sportbiz.ch\\\/fr\\\/#website\"},\"datePublished\":\"2026-04-20T22:00:00+00:00\",\"breadcrumb\":{\"@id\":\"https:\\\/\\\/sportbiz.ch\\\/fr\\\/news\\\/sport-brand-2026-placer-la-communaute-au-coeur-du-congres\\\/#breadcrumb\"},\"inLanguage\":\"fr-FR\",\"potentialAction\":[{\"@type\":\"ReadAction\",\"target\":[\"https:\\\/\\\/sportbiz.ch\\\/fr\\\/news\\\/sport-brand-2026-placer-la-communaute-au-coeur-du-congres\\\/\"]}]},{\"@type\":\"BreadcrumbList\",\"@id\":\"https:\\\/\\\/sportbiz.ch\\\/fr\\\/news\\\/sport-brand-2026-placer-la-communaute-au-coeur-du-congres\\\/#breadcrumb\",\"itemListElement\":[{\"@type\":\"ListItem\",\"position\":1,\"name\":\"Home\",\"item\":\"https:\\\/\\\/sportbiz.ch\\\/fr\\\/page-daccueil\\\/\"},{\"@type\":\"ListItem\",\"position\":2,\"name\":\"News\",\"item\":\"https:\\\/\\\/sportbiz.ch\\\/fr\\\/news\\\/\"},{\"@type\":\"ListItem\",\"position\":3,\"name\":\"Sport &amp; Brand 2026&nbsp;: Placer la communaut\u00e9 au c\u0153ur du congr\u00e8s\"}]},{\"@type\":\"WebSite\",\"@id\":\"https:\\\/\\\/sportbiz.ch\\\/fr\\\/#website\",\"url\":\"https:\\\/\\\/sportbiz.ch\\\/fr\\\/\",\"name\":\"Sportbiz\",\"description\":\"Schweizer Sportartikelbranche Online: ASMAS Verband Schweizer Sportfachhandel, \u00abSpaf\u00bb Verband Schweiz. Sportartikel-Lieferanten\",\"publisher\":{\"@id\":\"https:\\\/\\\/sportbiz.ch\\\/fr\\\/#organization\"},\"potentialAction\":[{\"@type\":\"SearchAction\",\"target\":{\"@type\":\"EntryPoint\",\"urlTemplate\":\"https:\\\/\\\/sportbiz.ch\\\/fr\\\/?s={search_term_string}\"},\"query-input\":{\"@type\":\"PropertyValueSpecification\",\"valueRequired\":true,\"valueName\":\"search_term_string\"}}],\"inLanguage\":\"fr-FR\"},{\"@type\":\"Organization\",\"@id\":\"https:\\\/\\\/sportbiz.ch\\\/fr\\\/#organization\",\"name\":\"ASMAS Sportfachhandel Schweiz\",\"url\":\"https:\\\/\\\/sportbiz.ch\\\/fr\\\/\",\"logo\":{\"@type\":\"ImageObject\",\"inLanguage\":\"fr-FR\",\"@id\":\"https:\\\/\\\/sportbiz.ch\\\/fr\\\/#\\\/schema\\\/logo\\\/image\\\/\",\"url\":\"https:\\\/\\\/sportbiz.ch\\\/wp-content\\\/uploads\\\/2023\\\/02\\\/sportbiz_Logo_72dpi.jpg\",\"contentUrl\":\"https:\\\/\\\/sportbiz.ch\\\/wp-content\\\/uploads\\\/2023\\\/02\\\/sportbiz_Logo_72dpi.jpg\",\"width\":520,\"height\":204,\"caption\":\"ASMAS Sportfachhandel Schweiz\"},\"image\":{\"@id\":\"https:\\\/\\\/sportbiz.ch\\\/fr\\\/#\\\/schema\\\/logo\\\/image\\\/\"},\"sameAs\":[\"https:\\\/\\\/www.facebook.com\\\/sportbizbyasmas\",\"https:\\\/\\\/www.linkedin.com\\\/company\\\/sportbizbyasmas\\\/\",\"https:\\\/\\\/www.instagram.com\\\/sportbiz.ch_by_asmas\\\/\",\"https:\\\/\\\/www.youtube.com\\\/channel\\\/UC_WL3nmvFlpl_sUNQofksqQ\"]}]}<\/script>\n<!-- \/ Yoast SEO plugin. -->","yoast_head_json":{"title":"Sport &amp; Brand 2026&nbsp;: Placer la communaut\u00e9 au c\u0153ur du congr\u00e8s - Sportbiz","robots":{"index":"index","follow":"follow","max-snippet":"max-snippet:-1","max-image-preview":"max-image-preview:large","max-video-preview":"max-video-preview:-1"},"canonical":"https:\/\/sportbiz.ch\/fr\/news\/sport-brand-2026-placer-la-communaute-au-coeur-du-congres\/","og_locale":"fr_FR","og_type":"article","og_title":"Sport &amp; Brand 2026&nbsp;: Placer la communaut\u00e9 au c\u0153ur du congr\u00e8s - Sportbiz","og_description":"Le 27 avril 2026, Vienne deviendra le centre n\u00e9vralgique du secteur sportif. Lors de \u00ab&nbsp;Sport &amp; Brand&nbsp;\u00bb, le plus grand congr\u00e8s autrichien du secteur, tout sera mis en avant&nbsp;: la communaut\u00e9 comme facteur cl\u00e9 de succ\u00e8s, la cr\u00e9ation de valeur num\u00e9rique et un sponsoring \u00e0 fort impact. Les plus grandes marques participeront aux discussions et [&hellip;]","og_url":"https:\/\/sportbiz.ch\/fr\/news\/sport-brand-2026-placer-la-communaute-au-coeur-du-congres\/","og_site_name":"Sportbiz","article_publisher":"https:\/\/www.facebook.com\/sportbizbyasmas","twitter_card":"summary_large_image","twitter_misc":{"Dur\u00e9e de lecture estim\u00e9e":"4 minutes"},"schema":{"@context":"https:\/\/schema.org","@graph":[{"@type":"WebPage","@id":"https:\/\/sportbiz.ch\/fr\/news\/sport-brand-2026-placer-la-communaute-au-coeur-du-congres\/","url":"https:\/\/sportbiz.ch\/fr\/news\/sport-brand-2026-placer-la-communaute-au-coeur-du-congres\/","name":"Sport &amp; Brand 2026&nbsp;: Placer la communaut\u00e9 au c\u0153ur du congr\u00e8s - Sportbiz","isPartOf":{"@id":"https:\/\/sportbiz.ch\/fr\/#website"},"datePublished":"2026-04-20T22:00:00+00:00","breadcrumb":{"@id":"https:\/\/sportbiz.ch\/fr\/news\/sport-brand-2026-placer-la-communaute-au-coeur-du-congres\/#breadcrumb"},"inLanguage":"fr-FR","potentialAction":[{"@type":"ReadAction","target":["https:\/\/sportbiz.ch\/fr\/news\/sport-brand-2026-placer-la-communaute-au-coeur-du-congres\/"]}]},{"@type":"BreadcrumbList","@id":"https:\/\/sportbiz.ch\/fr\/news\/sport-brand-2026-placer-la-communaute-au-coeur-du-congres\/#breadcrumb","itemListElement":[{"@type":"ListItem","position":1,"name":"Home","item":"https:\/\/sportbiz.ch\/fr\/page-daccueil\/"},{"@type":"ListItem","position":2,"name":"News","item":"https:\/\/sportbiz.ch\/fr\/news\/"},{"@type":"ListItem","position":3,"name":"Sport &amp; Brand 2026&nbsp;: Placer la communaut\u00e9 au c\u0153ur du congr\u00e8s"}]},{"@type":"WebSite","@id":"https:\/\/sportbiz.ch\/fr\/#website","url":"https:\/\/sportbiz.ch\/fr\/","name":"Sportbiz","description":"Schweizer Sportartikelbranche Online: ASMAS Verband Schweizer Sportfachhandel, \u00abSpaf\u00bb Verband Schweiz. Sportartikel-Lieferanten","publisher":{"@id":"https:\/\/sportbiz.ch\/fr\/#organization"},"potentialAction":[{"@type":"SearchAction","target":{"@type":"EntryPoint","urlTemplate":"https:\/\/sportbiz.ch\/fr\/?s={search_term_string}"},"query-input":{"@type":"PropertyValueSpecification","valueRequired":true,"valueName":"search_term_string"}}],"inLanguage":"fr-FR"},{"@type":"Organization","@id":"https:\/\/sportbiz.ch\/fr\/#organization","name":"ASMAS Sportfachhandel Schweiz","url":"https:\/\/sportbiz.ch\/fr\/","logo":{"@type":"ImageObject","inLanguage":"fr-FR","@id":"https:\/\/sportbiz.ch\/fr\/#\/schema\/logo\/image\/","url":"https:\/\/sportbiz.ch\/wp-content\/uploads\/2023\/02\/sportbiz_Logo_72dpi.jpg","contentUrl":"https:\/\/sportbiz.ch\/wp-content\/uploads\/2023\/02\/sportbiz_Logo_72dpi.jpg","width":520,"height":204,"caption":"ASMAS Sportfachhandel Schweiz"},"image":{"@id":"https:\/\/sportbiz.ch\/fr\/#\/schema\/logo\/image\/"},"sameAs":["https:\/\/www.facebook.com\/sportbizbyasmas","https:\/\/www.linkedin.com\/company\/sportbizbyasmas\/","https:\/\/www.instagram.com\/sportbiz.ch_by_asmas\/","https:\/\/www.youtube.com\/channel\/UC_WL3nmvFlpl_sUNQofksqQ"]}]}},"_links":{"self":[{"href":"https:\/\/sportbiz.ch\/fr\/wp-json\/wp\/v2\/news\/187947","targetHints":{"allow":["GET"]}}],"collection":[{"href":"https:\/\/sportbiz.ch\/fr\/wp-json\/wp\/v2\/news"}],"about":[{"href":"https:\/\/sportbiz.ch\/fr\/wp-json\/wp\/v2\/types\/news"}],"author":[{"embeddable":true,"href":"https:\/\/sportbiz.ch\/fr\/wp-json\/wp\/v2\/users\/9"}],"version-history":[{"count":0,"href":"https:\/\/sportbiz.ch\/fr\/wp-json\/wp\/v2\/news\/187947\/revisions"}],"wp:attachment":[{"href":"https:\/\/sportbiz.ch\/fr\/wp-json\/wp\/v2\/media?parent=187947"}],"wp:term":[{"taxonomy":"category","embeddable":true,"href":"https:\/\/sportbiz.ch\/fr\/wp-json\/wp\/v2\/categories?post=187947"}],"curies":[{"name":"wp","href":"https:\/\/api.w.org\/{rel}","templated":true}]}}